{"id":102611,"date":"2024-12-20T10:16:27","date_gmt":"2024-12-20T15:16:27","guid":{"rendered":"https:\/\/www.riacanada.ca\/?p=102611"},"modified":"2024-12-20T10:23:23","modified_gmt":"2024-12-20T15:23:23","slug":"regard-sur-lannee-message-de-patricia-fletcher-cheffe-de-la-direction-de-lair","status":"publish","type":"post","link":"https:\/\/www.riacanada.ca\/fr\/magazine\/regard-sur-lannee-message-de-patricia-fletcher-cheffe-de-la-direction-de-lair\/","title":{"rendered":"Regard sur l&rsquo;ann\u00e9e : message de Patricia Fletcher, Cheffe de la direction de l&rsquo;AIR"},"content":{"rendered":"\n<p>Chers membres de l\u2019AIR,<\/p>\n\n\n\n<p>Il est difficile de croire qu\u2019une ann\u00e9e s\u2019est \u00e9coul\u00e9e depuis que j\u2019ai partag\u00e9 mes r\u00e9flexions sur 2023 et mes aspirations pour 2024. Si l\u2019on dresse le bilan de l\u2019ann\u00e9e \u00e9coul\u00e9e, le lancement du nouveau plan strat\u00e9gique de l\u2019AIR constitue l\u2019une de nos r\u00e9alisations les plus marquantes. <em>Votre<\/em> plan strat\u00e9gique. Chaque aspect a \u00e9t\u00e9 con\u00e7u en tenant compte des membres et a fait l\u2019objet d\u2019une vaste consultation. Il est apparu clairement que les priorit\u00e9s de l\u2019AIR devaient \u00e9voluer parall\u00e8lement \u00e0 l\u2019\u00e9volution rapide de notre secteur afin de r\u00e9pondre \u00e0 vos besoins, aujourd\u2019hui et \u00e0 l\u2019avenir.<\/p>\n\n\n\n<figure class=\"wp-block-image size-large\"><img decoding=\"async\" loading=\"lazy\" width=\"1000\" height=\"565\" src=\"https:\/\/www.riacanada.ca\/content\/uploads\/2024\/12\/Screen-Shot-2024-12-19-at-9.07.38-PM-1000x565.jpg\" alt=\"\" class=\"wp-image-102568\" srcset=\"https:\/\/www.riacanada.ca\/content\/uploads\/2024\/12\/Screen-Shot-2024-12-19-at-9.07.38-PM-1000x565.jpg 1000w, https:\/\/www.riacanada.ca\/content\/uploads\/2024\/12\/Screen-Shot-2024-12-19-at-9.07.38-PM-500x282.jpg 500w, https:\/\/www.riacanada.ca\/content\/uploads\/2024\/12\/Screen-Shot-2024-12-19-at-9.07.38-PM-768x434.jpg 768w, https:\/\/www.riacanada.ca\/content\/uploads\/2024\/12\/Screen-Shot-2024-12-19-at-9.07.38-PM-1920x1085.jpg 1920w, https:\/\/www.riacanada.ca\/content\/uploads\/2024\/12\/Screen-Shot-2024-12-19-at-9.07.38-PM-1536x868.jpg 1536w, https:\/\/www.riacanada.ca\/content\/uploads\/2024\/12\/Screen-Shot-2024-12-19-at-9.07.38-PM-2048x1157.jpg 2048w\" sizes=\"(max-width: 1000px) 100vw, 1000px\" \/><\/figure>\n\n\n\n<p>Le plan strat\u00e9gique s\u2019appuie sur trois piliers que l\u2019AIR se doit de respecter. Le premier est le <strong>d\u00e9veloppement d\u2019une communaut\u00e9<\/strong>, o\u00f9 nous agissons comme une plaque tournante pour les membres et les participants au march\u00e9 de l\u2019IR afin de collaborer, partager, apprendre et rester au courant de l\u2019industrie et de l\u2019environnement dynamiques. Le deuxi\u00e8me est de <strong>favoriser le changement et d\u2019influencer la politique<\/strong>, o\u00f9 nous visons \u00e0 \u00eatre un pont entre les investisseurs et les r\u00e9gulateurs et \u00e0 renforcer la confiance dans l\u2019IR en plaidant pour des politiques et des normes. Enfin, le troisi\u00e8me objectif est d\u2019<strong>\u00e9duquer et d\u2019inspirer.<\/strong> L\u2019objectif est d\u2019\u00eatre une source fiable de donn\u00e9es et d\u2019informations objectives, de conna\u00eetre les sentiments de l\u2019industrie et de suivre les progr\u00e8s de l\u2019IR. Le fondement de tout cela est la mise en place d\u2019une exp\u00e9rience exceptionnelle pour les membres.<\/p>\n\n\n\n<p>Bien que de nombreuses initiatives convergent vers les trois piliers, la pierre angulaire du d\u00e9veloppement d\u2019une communaut\u00e9 est la mobilisation. Pour la premi\u00e8re fois depuis 2017, nous avons re\u00e7u un accueil chaleureux sur la c\u00f4te ouest, dans la magnifique Colombie-Britannique, pour la conf\u00e9rence de Vancouver&nbsp;2024. Nous avons appris, nous avons tiss\u00e9 des liens et nous nous sommes inspir\u00e9s des excellents intervenants et des uns des autres. Nous avons \u00e9galement pu appr\u00e9cier le dynamisme de la communaut\u00e9 de l\u2019IR de <em>la belle province<\/em> lors du Colloque de Montr\u00e9al, qui portait sur la r\u00e9conciliation \u00e9conomique et l\u2019investissement responsable. Un autre fait marquant a \u00e9t\u00e9 l\u2019accueil de nos coll\u00e8gues de la Global Sustainable Investment Alliance (GSIA) dans nos bureaux de Toronto cet automne, dans la perspective de la r\u00e9union des PRI en personne, o\u00f9 l\u2019AIR et Engagement climatique Canada (ECC) ont \u00e9t\u00e9 tr\u00e8s pr\u00e9sents.<\/p>\n\n\n\n<figure class=\"wp-block-image size-large\"><img decoding=\"async\" loading=\"lazy\" width=\"1000\" height=\"667\" src=\"https:\/\/www.riacanada.ca\/content\/uploads\/2024\/12\/Day-1-136-copy-scaled-1-1000x667.jpg\" alt=\"\" class=\"wp-image-102570\" srcset=\"https:\/\/www.riacanada.ca\/content\/uploads\/2024\/12\/Day-1-136-copy-scaled-1-1000x667.jpg 1000w, https:\/\/www.riacanada.ca\/content\/uploads\/2024\/12\/Day-1-136-copy-scaled-1-500x333.jpg 500w, https:\/\/www.riacanada.ca\/content\/uploads\/2024\/12\/Day-1-136-copy-scaled-1-768x512.jpg 768w, https:\/\/www.riacanada.ca\/content\/uploads\/2024\/12\/Day-1-136-copy-scaled-1-1920x1280.jpg 1920w, https:\/\/www.riacanada.ca\/content\/uploads\/2024\/12\/Day-1-136-copy-scaled-1-1536x1024.jpg 1536w, https:\/\/www.riacanada.ca\/content\/uploads\/2024\/12\/Day-1-136-copy-scaled-1-2048x1366.jpg 2048w\" sizes=\"(max-width: 1000px) 100vw, 1000px\" \/><\/figure>\n\n\n\n<p>D\u2019autres \u00e9v\u00e9nements ont eu lieu sous forme hybride ou en ligne, notamment des tables rondes, des groupes de travail et 15 webinaires traitant de sujets d\u2019actualit\u00e9 tels que l\u2019\u00e9volution de la r\u00e9glementation, la connaissance des produits de d\u00e9tail, les lancements de recherche et une multitude d\u2019autres sujets. Nous avons \u00e9galement r\u00e9uni des conseils sectoriels tels que le Policy Stewardship Group, le RIA Leadership Council et le nouveau Public Policy and Advocacy Council. Leurs id\u00e9es pr\u00e9cieuses alimentent nos initiatives prioritaires, y compris notre programme de politique et de plaidoyer.<\/p>\n\n\n\n<p>L\u2019ann\u00e9e&nbsp;2024 n\u2019a pas manqu\u00e9 d\u2019occasions d\u2019ancrer l\u2019IR dans l\u2019\u00e9cosyst\u00e8me financier du Canada par le biais d\u2019un plaidoyer strat\u00e9gique. L\u2019ann\u00e9e a \u00e9galement permis d\u2019organiser des audiences pour les membres avec les principaux r\u00e9gulateurs, de fournir des informations en temps r\u00e9el sur les consultations actives de l\u2019industrie et les nouvelles l\u00e9gislations qui en d\u00e9coulent, ou de mener un sondage aupr\u00e8s des membres et une table ronde pour \u00e9tayer notre soumission au Bureau de la concurrence sur le projet de loi&nbsp;C-59 et les nouvelles dispositions relatives \u00e0 l\u2019\u00e9coblanchiment. L\u2019AIR \u00e9tait au premier plan, veillant \u00e0 ce que les investisseurs responsables aient un si\u00e8ge \u00e0 la table.<\/p>\n\n\n\n<p>La voix des investisseurs sera particuli\u00e8rement importante dans le cadre de la Semaine canadienne d\u2019\u00e9changes sur le climat (CCWX), r\u00e9cemment annonc\u00e9e, dont l\u2019AIR est un membre fondateur aux c\u00f4t\u00e9s de la Bourse de Toronto et d\u2019autres organisations importantes. Avec notre r\u00f4le de partenaire du groupe de travail sur la finance circulaire au Canada et de membre du comit\u00e9 d\u2019organisation du Forum sur la finance durable, parmi d\u2019autres partenariats soigneusement s\u00e9lectionn\u00e9s, nous avons continu\u00e9 \u00e0 accro\u00eetre notre impact.<\/p>\n\n\n\n<figure class=\"wp-block-image size-large\"><img decoding=\"async\" loading=\"lazy\" width=\"1000\" height=\"386\" src=\"https:\/\/www.riacanada.ca\/content\/uploads\/2024\/12\/2138a7_932c864f0a77442daf87a7c221223df1mv2-1000x386.webp\" alt=\"\" class=\"wp-image-102572\" srcset=\"https:\/\/www.riacanada.ca\/content\/uploads\/2024\/12\/2138a7_932c864f0a77442daf87a7c221223df1mv2-1000x386.webp 1000w, https:\/\/www.riacanada.ca\/content\/uploads\/2024\/12\/2138a7_932c864f0a77442daf87a7c221223df1mv2-500x193.webp 500w, https:\/\/www.riacanada.ca\/content\/uploads\/2024\/12\/2138a7_932c864f0a77442daf87a7c221223df1mv2-768x296.webp 768w, https:\/\/www.riacanada.ca\/content\/uploads\/2024\/12\/2138a7_932c864f0a77442daf87a7c221223df1mv2-1920x741.webp 1920w, https:\/\/www.riacanada.ca\/content\/uploads\/2024\/12\/2138a7_932c864f0a77442daf87a7c221223df1mv2-1536x593.webp 1536w, https:\/\/www.riacanada.ca\/content\/uploads\/2024\/12\/2138a7_932c864f0a77442daf87a7c221223df1mv2-2048x790.webp 2048w\" sizes=\"(max-width: 1000px) 100vw, 1000px\" \/><\/figure>\n\n\n\n<p>En parlant d\u2019impact, 2024 a \u00e9t\u00e9 fondamental dans la mise en place d\u2019outils, de processus et d\u2019une capacit\u00e9 optimis\u00e9e qui am\u00e9lioreront de mani\u00e8re palpable l\u2019exp\u00e9rience de vos membres l\u2019ann\u00e9e prochaine. Les apprenants et les d\u00e9tenteurs de titres auront d\u00e9j\u00e0 remarqu\u00e9 certains changements dans les processus, mais nous n\u2019avons fait qu\u2019effleurer la surface. L\u2019ann\u00e9e 2025 apportera une nouvelle infrastructure num\u00e9rique et des d\u00e9veloppements passionnants qui seront partag\u00e9s en temps voulu. Tout cela nous permettra d\u2019entamer une ann\u00e9e productive et ambitieuse.<\/p>\n\n\n\n<p>En 2025, nous allons nous efforcer d\u2019accro\u00eetre la valeur ajout\u00e9e pour les membres et je suis tr\u00e8s enthousiaste \u00e0 l\u2019id\u00e9e de toutes les initiatives que nous mettrons en \u0153uvre. Parmi les faits marquants, citons l\u2019inauguration de notre groupe consultatif sur la strat\u00e9gie de vente au d\u00e9tail, le lancement de groupes de travail pour les membres institutionnels, une recherche et des id\u00e9es \u00e0 360 degr\u00e9s couvrant tout le spectre de l\u2019investissement responsable au Canada, notre s\u00e9rie de webinaires, le premi\u00e8re Semaine canadienne d\u2019\u00e9changes sur le climat et la Conf\u00e9rence sur l\u2019AIR&nbsp;2025 qui se tiendra les 3 et 4 juin \u00e0 Toronto. La partie la plus gratifiante de mon travail est de me rapprocher de vous, nos membres, et j\u2019esp\u00e8re vraiment vous y voir. Ne manquez pas non plus le sondage men\u00e9 aupr\u00e8s des membres, qui vous permettra de donner directement votre avis sur le programme et sur les questions qui vous tiennent le plus \u00e0 c\u0153ur.<\/p>\n\n\n\n<p>Nous vous remercions de votre engagement continu envers notre secteur et de votre soutien ind\u00e9fectible \u00e0 l\u2019AIR. Je vous souhaite un d\u00e9but d\u2019ann\u00e9e heureux et en bonne sant\u00e9 et je me r\u00e9jouis de tout ce que nous accomplirons ensemble en 2025.<\/p>\n\n\n\n<p>Cordialement,<\/p>\n\n\n\n<p><strong>Patricia Fletcher<\/strong>\r\nChef de la direction\r\nAssociation pour l\u2019investissement responsable<\/p>\n","protected":false},"excerpt":{"rendered":"<p>Chers membres de l\u2019AIR, Il est difficile de croire qu\u2019une ann\u00e9e s\u2019est \u00e9coul\u00e9e depuis que j\u2019ai partag\u00e9 mes r\u00e9flexions sur 2023 et mes aspirations pour 2024. Si l\u2019on dresse le bilan de l\u2019ann\u00e9e \u00e9coul\u00e9e, le lancement du nouveau plan strat\u00e9gique de l\u2019AIR constitue l\u2019une de nos r\u00e9alisations les plus marquantes. Votre plan strat\u00e9gique. Chaque aspect [&hellip;]<\/p>\n","protected":false},"author":7472,"featured_media":102626,"comment_status":"closed","ping_status":"open","sticky":false,"template":"","format":"standard","meta":{"footnotes":""},"acf":[],"yoast_head":"<!-- This site is optimized with the Yoast SEO plugin v21.0 - https:\/\/yoast.com\/wordpress\/plugins\/seo\/ -->\n<title>Regard sur l&#039;ann\u00e9e : message de Patricia Fletcher, Cheffe de la direction de l&#039;AIR - Responsible Investment Association<\/title>\n<meta name=\"robots\" content=\"index, follow, max-snippet:-1, max-image-preview:large, max-video-preview:-1\" \/>\n<link rel=\"canonical\" href=\"https:\/\/www.riacanada.ca\/fr\/magazine\/regard-sur-lannee-message-de-patricia-fletcher-cheffe-de-la-direction-de-lair\/\" \/>\n<meta property=\"og:locale\" content=\"fr_FR\" \/>\n<meta property=\"og:type\" content=\"article\" \/>\n<meta property=\"og:title\" content=\"Regard sur l&#039;ann\u00e9e : message de Patricia Fletcher, Cheffe de la direction de l&#039;AIR - Responsible Investment Association\" \/>\n<meta property=\"og:description\" content=\"Chers membres de l\u2019AIR, Il est difficile de croire qu\u2019une ann\u00e9e s\u2019est \u00e9coul\u00e9e depuis que j\u2019ai partag\u00e9 mes r\u00e9flexions sur 2023 et mes aspirations pour 2024. Si l\u2019on dresse le bilan de l\u2019ann\u00e9e \u00e9coul\u00e9e, le lancement du nouveau plan strat\u00e9gique de l\u2019AIR constitue l\u2019une de nos r\u00e9alisations les plus marquantes. Votre plan strat\u00e9gique. Chaque aspect [&hellip;]\" \/>\n<meta property=\"og:url\" content=\"https:\/\/www.riacanada.ca\/fr\/magazine\/regard-sur-lannee-message-de-patricia-fletcher-cheffe-de-la-direction-de-lair\/\" \/>\n<meta property=\"og:site_name\" content=\"Responsible Investment Association\" \/>\n<meta property=\"article:published_time\" content=\"2024-12-20T15:16:27+00:00\" \/>\n<meta property=\"article:modified_time\" content=\"2024-12-20T15:23:23+00:00\" \/>\n<meta property=\"og:image\" content=\"https:\/\/www.riacanada.ca\/content\/uploads\/2024\/12\/Screen-Shot-2024-12-20-at-10.18.46-AM.jpg\" \/>\n\t<meta property=\"og:image:width\" content=\"2174\" \/>\n\t<meta property=\"og:image:height\" content=\"1474\" \/>\n\t<meta property=\"og:image:type\" content=\"image\/jpeg\" \/>\n<meta name=\"author\" content=\"Editor\" \/>\n<meta name=\"twitter:card\" content=\"summary_large_image\" \/>\n<meta name=\"twitter:label1\" content=\"\u00c9crit par\" \/>\n\t<meta name=\"twitter:data1\" content=\"Editor\" \/>\n\t<meta name=\"twitter:label2\" content=\"Dur\u00e9e de lecture estim\u00e9e\" \/>\n\t<meta name=\"twitter:data2\" content=\"5 minutes\" \/>\n<script type=\"application\/ld+json\" class=\"yoast-schema-graph\">{\"@context\":\"https:\/\/schema.org\",\"@graph\":[{\"@type\":\"WebPage\",\"@id\":\"https:\/\/www.riacanada.ca\/fr\/magazine\/regard-sur-lannee-message-de-patricia-fletcher-cheffe-de-la-direction-de-lair\/\",\"url\":\"https:\/\/www.riacanada.ca\/fr\/magazine\/regard-sur-lannee-message-de-patricia-fletcher-cheffe-de-la-direction-de-lair\/\",\"name\":\"Regard sur l'ann\u00e9e : message de Patricia Fletcher, Cheffe de la direction de l'AIR - Responsible Investment Association\",\"isPartOf\":{\"@id\":\"https:\/\/www.riacanada.ca\/fr\/#website\"},\"datePublished\":\"2024-12-20T15:16:27+00:00\",\"dateModified\":\"2024-12-20T15:23:23+00:00\",\"author\":{\"@id\":\"https:\/\/www.riacanada.ca\/fr\/#\/schema\/person\/f2be4012fcff4c43224b4fb6b60e81d4\"},\"breadcrumb\":{\"@id\":\"https:\/\/www.riacanada.ca\/fr\/magazine\/regard-sur-lannee-message-de-patricia-fletcher-cheffe-de-la-direction-de-lair\/#breadcrumb\"},\"inLanguage\":\"fr-FR\",\"potentialAction\":[{\"@type\":\"ReadAction\",\"target\":[\"https:\/\/www.riacanada.ca\/fr\/magazine\/regard-sur-lannee-message-de-patricia-fletcher-cheffe-de-la-direction-de-lair\/\"]}]},{\"@type\":\"BreadcrumbList\",\"@id\":\"https:\/\/www.riacanada.ca\/fr\/magazine\/regard-sur-lannee-message-de-patricia-fletcher-cheffe-de-la-direction-de-lair\/#breadcrumb\",\"itemListElement\":[{\"@type\":\"ListItem\",\"position\":1,\"name\":\"Home\",\"item\":\"https:\/\/www.riacanada.ca\/fr\/\"},{\"@type\":\"ListItem\",\"position\":2,\"name\":\"Regard sur l&#8217;ann\u00e9e : message de Patricia Fletcher, Cheffe de la direction de l&#8217;AIR\"}]},{\"@type\":\"WebSite\",\"@id\":\"https:\/\/www.riacanada.ca\/fr\/#website\",\"url\":\"https:\/\/www.riacanada.ca\/fr\/\",\"name\":\"Responsible Investment Association\",\"description\":\"Canada&#039;s membership network for responsible investment\",\"potentialAction\":[{\"@type\":\"SearchAction\",\"target\":{\"@type\":\"EntryPoint\",\"urlTemplate\":\"https:\/\/www.riacanada.ca\/fr\/?s={search_term_string}\"},\"query-input\":\"required name=search_term_string\"}],\"inLanguage\":\"fr-FR\"},{\"@type\":\"Person\",\"@id\":\"https:\/\/www.riacanada.ca\/fr\/#\/schema\/person\/f2be4012fcff4c43224b4fb6b60e81d4\",\"name\":\"Editor\",\"image\":{\"@type\":\"ImageObject\",\"inLanguage\":\"fr-FR\",\"@id\":\"https:\/\/www.riacanada.ca\/fr\/#\/schema\/person\/image\/\",\"url\":\"https:\/\/secure.gravatar.com\/avatar\/3bf09c69911f589161408f2ea70f5b5e?s=96&d=mm&r=g\",\"contentUrl\":\"https:\/\/secure.gravatar.com\/avatar\/3bf09c69911f589161408f2ea70f5b5e?s=96&d=mm&r=g\",\"caption\":\"Editor\"},\"url\":\"https:\/\/www.riacanada.ca\/fr\/magazine\/author\/ria-editor\/\"}]}<\/script>\n<!-- \/ Yoast SEO plugin. -->","yoast_head_json":{"title":"Regard sur l'ann\u00e9e : message de Patricia Fletcher, Cheffe de la direction de l'AIR - Responsible Investment Association","robots":{"index":"index","follow":"follow","max-snippet":"max-snippet:-1","max-image-preview":"max-image-preview:large","max-video-preview":"max-video-preview:-1"},"canonical":"https:\/\/www.riacanada.ca\/fr\/magazine\/regard-sur-lannee-message-de-patricia-fletcher-cheffe-de-la-direction-de-lair\/","og_locale":"fr_FR","og_type":"article","og_title":"Regard sur l'ann\u00e9e : message de Patricia Fletcher, Cheffe de la direction de l'AIR - Responsible Investment Association","og_description":"Chers membres de l\u2019AIR, Il est difficile de croire qu\u2019une ann\u00e9e s\u2019est \u00e9coul\u00e9e depuis que j\u2019ai partag\u00e9 mes r\u00e9flexions sur 2023 et mes aspirations pour 2024. Si l\u2019on dresse le bilan de l\u2019ann\u00e9e \u00e9coul\u00e9e, le lancement du nouveau plan strat\u00e9gique de l\u2019AIR constitue l\u2019une de nos r\u00e9alisations les plus marquantes. Votre plan strat\u00e9gique. Chaque aspect [&hellip;]","og_url":"https:\/\/www.riacanada.ca\/fr\/magazine\/regard-sur-lannee-message-de-patricia-fletcher-cheffe-de-la-direction-de-lair\/","og_site_name":"Responsible Investment Association","article_published_time":"2024-12-20T15:16:27+00:00","article_modified_time":"2024-12-20T15:23:23+00:00","og_image":[{"width":2174,"height":1474,"url":"https:\/\/www.riacanada.ca\/content\/uploads\/2024\/12\/Screen-Shot-2024-12-20-at-10.18.46-AM.jpg","type":"image\/jpeg"}],"author":"Editor","twitter_card":"summary_large_image","twitter_misc":{"\u00c9crit par":"Editor","Dur\u00e9e de lecture estim\u00e9e":"5 minutes"},"schema":{"@context":"https:\/\/schema.org","@graph":[{"@type":"WebPage","@id":"https:\/\/www.riacanada.ca\/fr\/magazine\/regard-sur-lannee-message-de-patricia-fletcher-cheffe-de-la-direction-de-lair\/","url":"https:\/\/www.riacanada.ca\/fr\/magazine\/regard-sur-lannee-message-de-patricia-fletcher-cheffe-de-la-direction-de-lair\/","name":"Regard sur l'ann\u00e9e : message de Patricia Fletcher, Cheffe de la direction de l'AIR - Responsible Investment Association","isPartOf":{"@id":"https:\/\/www.riacanada.ca\/fr\/#website"},"datePublished":"2024-12-20T15:16:27+00:00","dateModified":"2024-12-20T15:23:23+00:00","author":{"@id":"https:\/\/www.riacanada.ca\/fr\/#\/schema\/person\/f2be4012fcff4c43224b4fb6b60e81d4"},"breadcrumb":{"@id":"https:\/\/www.riacanada.ca\/fr\/magazine\/regard-sur-lannee-message-de-patricia-fletcher-cheffe-de-la-direction-de-lair\/#breadcrumb"},"inLanguage":"fr-FR","potentialAction":[{"@type":"ReadAction","target":["https:\/\/www.riacanada.ca\/fr\/magazine\/regard-sur-lannee-message-de-patricia-fletcher-cheffe-de-la-direction-de-lair\/"]}]},{"@type":"BreadcrumbList","@id":"https:\/\/www.riacanada.ca\/fr\/magazine\/regard-sur-lannee-message-de-patricia-fletcher-cheffe-de-la-direction-de-lair\/#breadcrumb","itemListElement":[{"@type":"ListItem","position":1,"name":"Home","item":"https:\/\/www.riacanada.ca\/fr\/"},{"@type":"ListItem","position":2,"name":"Regard sur l&#8217;ann\u00e9e : message de Patricia Fletcher, Cheffe de la direction de l&#8217;AIR"}]},{"@type":"WebSite","@id":"https:\/\/www.riacanada.ca\/fr\/#website","url":"https:\/\/www.riacanada.ca\/fr\/","name":"Responsible Investment Association","description":"Canada&#039;s membership network for responsible investment","potentialAction":[{"@type":"SearchAction","target":{"@type":"EntryPoint","urlTemplate":"https:\/\/www.riacanada.ca\/fr\/?s={search_term_string}"},"query-input":"required name=search_term_string"}],"inLanguage":"fr-FR"},{"@type":"Person","@id":"https:\/\/www.riacanada.ca\/fr\/#\/schema\/person\/f2be4012fcff4c43224b4fb6b60e81d4","name":"Editor","image":{"@type":"ImageObject","inLanguage":"fr-FR","@id":"https:\/\/www.riacanada.ca\/fr\/#\/schema\/person\/image\/","url":"https:\/\/secure.gravatar.com\/avatar\/3bf09c69911f589161408f2ea70f5b5e?s=96&d=mm&r=g","contentUrl":"https:\/\/secure.gravatar.com\/avatar\/3bf09c69911f589161408f2ea70f5b5e?s=96&d=mm&r=g","caption":"Editor"},"url":"https:\/\/www.riacanada.ca\/fr\/magazine\/author\/ria-editor\/"}]}},"_links":{"self":[{"href":"https:\/\/www.riacanada.ca\/fr\/wp-json\/wp\/v2\/posts\/102611"}],"collection":[{"href":"https:\/\/www.riacanada.ca\/fr\/wp-json\/wp\/v2\/posts"}],"about":[{"href":"https:\/\/www.riacanada.ca\/fr\/wp-json\/wp\/v2\/types\/post"}],"author":[{"embeddable":true,"href":"https:\/\/www.riacanada.ca\/fr\/wp-json\/wp\/v2\/users\/7472"}],"replies":[{"embeddable":true,"href":"https:\/\/www.riacanada.ca\/fr\/wp-json\/wp\/v2\/comments?post=102611"}],"version-history":[{"count":4,"href":"https:\/\/www.riacanada.ca\/fr\/wp-json\/wp\/v2\/posts\/102611\/revisions"}],"predecessor-version":[{"id":102632,"href":"https:\/\/www.riacanada.ca\/fr\/wp-json\/wp\/v2\/posts\/102611\/revisions\/102632"}],"wp:featuredmedia":[{"embeddable":true,"href":"https:\/\/www.riacanada.ca\/fr\/wp-json\/wp\/v2\/media\/102626"}],"wp:attachment":[{"href":"https:\/\/www.riacanada.ca\/fr\/wp-json\/wp\/v2\/media?parent=102611"}],"curies":[{"name":"wp","href":"https:\/\/api.w.org\/{rel}","templated":true}]}}