{"id":39714,"date":"2020-01-21T10:50:57","date_gmt":"2020-01-21T15:50:57","guid":{"rendered":"https:\/\/www.riacanada.ca\/?p=39714"},"modified":"2020-03-01T22:29:30","modified_gmt":"2020-03-02T03:29:30","slug":"le-gouvernement-federal-confirme-quil-examine-les-recommandations-du-groupe-dexperts-du-canada-sur-la-finance-durable","status":"publish","type":"post","link":"https:\/\/www.riacanada.ca\/fr\/magazine\/le-gouvernement-federal-confirme-quil-examine-les-recommandations-du-groupe-dexperts-du-canada-sur-la-finance-durable\/","title":{"rendered":"Le gouvernement f\u00e9d\u00e9ral confirme qu\u2019il examine les recommandations du Groupe d\u2019experts du Canada sur la finance durable"},"content":{"rendered":"<p>Alors que nous commen\u00e7ons cette d\u00e9cennie, la n\u00e9cessit\u00e9 d\u2019agir pour acc\u00e9l\u00e9rer la transition du Canada vers une \u00e9conomie sobre en carbone est devenue un imp\u00e9ratif. M\u00eame si nous n&rsquo;avions probablement pas besoin de nous rappeler de l&rsquo;urgence de la crise climatique, la semaine derni\u00e8re, l\u2019enqu\u00eate sur la perception des risques mondiaux du Forum \u00e9conomique mondial de 2020 a r\u00e9v\u00e9l\u00e9 que les r\u00e9pondants classaient les \u00e9v\u00e9nements li\u00e9s \u00e0 l\u2019environnement et au climat comme les 5\u00a0principaux risques mondiaux les plus probables au cours des 10\u00a0prochaines ann\u00e9es. Les r\u00e9pondants au sondage ont \u00e9galement class\u00e9 l\u2019\u00e9chec de l\u2019action climatique comme le risque ayant le plus grand impact sur l\u2019\u00e9conomie mondiale, s\u2019il devait se produire.<\/p>\n<p>Les investisseurs responsables sont depuis longtemps \u00e0 l\u2019avant-garde de la compr\u00e9hension de la nature syst\u00e9mique des risques li\u00e9s au climat, et nous pensons qu\u2019il est urgent d\u2019agir.<\/p>\n<p>En novembre 2019, nous avons \u00e9crit au premier ministre et aux nouveaux ministres des Finances, de l\u2019Environnement et du Changement climatique et des Ressources naturelles pour r\u00e9it\u00e9rer notre soutien aux recommandations du Groupe d\u2019experts du Canada sur les finances durables, et a not\u00e9 le large soutien de ces recommandations dans le secteur financier. Nous avons encourag\u00e9 le gouvernement \u00e0 donner la priorit\u00e9 aux recommandations du Groupe d\u2019experts, ce qui d\u00e9montrerait son engagement \u00e0 faire progresser la transition du Canada vers une \u00e9conomie intelligente face au climat, r\u00e9siliente et prosp\u00e8re.<\/p>\n<p>Dans les lettres de mandat du ministre (\u00e9mises le 13\u00a0d\u00e9cembre 2019), nous pouvons voir que la lutte contre les changements climatiques est certainement une priorit\u00e9 pour ce gouvernement f\u00e9d\u00e9ral. L\u2019honorable Jonathan Wilkinson, ministre de l\u2019Environnement et du Changement climatique, a \u00e9t\u00e9 charg\u00e9 de diriger le \u00ab\u2009plan d\u2019action climatique, un environnement plus propre et une \u00e9conomie durable\u2009\u00bb du gouvernement. Cela comprend le d\u00e9passement des cibles actuelles de 2030 et l\u2019\u00e9laboration d\u2019un plan pour r\u00e9aliser une \u00e9conomie \u00e0 \u00e9missions nettes nulles d\u2019ici 2050.\u2009\u00bb Les priorit\u00e9s comprennent la mise en \u0153uvre du Cadre pancanadien sur la croissance propre et les changements ainsi que les aspirations aux technologies propres, aux v\u00e9hicules z\u00e9ro \u00e9mission et d\u2019autres initiatives. Cependant, aucune des lettres du mandat ne mentionnait directement les recommandations d\u2019un groupe d\u2019experts.<\/p>\n<p>Notre inqui\u00e9tude concernant la n\u00e9gligence de la finance durable a \u00e9t\u00e9 dissip\u00e9e le 14\u00a0janvier 2020, lorsque <a href=\"https:\/\/www.riacanada.ca\/content\/uploads\/2020\/01\/SIGNED-REPLY-Lanz-MIN-260659.pdf\" target=\"_blank\" rel=\"noopener\">le ministre Wilkinson nous a \u00e9crit<\/a> pour reconna\u00eetre la r\u00e9ception de notre lettre. Le message que nous avons re\u00e7u est clair: le gouvernement reconna\u00eet que les initiatives de financement durable ont un r\u00f4le cl\u00e9 \u00e0 jouer dans la r\u00e9alisation des objectifs climatiques du Canada. De plus, il est \u00ab\u2009extr\u00eamement enthousiaste d\u2019impliquer directement le secteur priv\u00e9 dans la promotion de solutions\u2009\u00bb et travaillera avec le ministre des Finances Morneau pour examiner les recommandations du groupe d\u2019experts.<\/p>\n<p>Le 24 janvier 2020, nous avons \u00e9t\u00e9 tr\u00e8s heureux de recevoir une lettre de l&rsquo;honorable <a href=\"https:\/\/www.riacanada.ca\/content\/uploads\/2020\/03\/1374_0011.pdf\" target=\"_blank\" rel=\"noopener\">Seamus O\u2019Regan, ministre des Ressources naturelles<\/a>. Le ministre O\u2019Regan a confirm\u00e9 qu\u2019il travaillera en \u00e9troite collaboration avec les ministres de l&rsquo;Environnement et du Changement climatique et des Finances pour examiner les recommandations du Groupe d\u2019experts. Il a \u00e9galement assur\u00e9 l&rsquo;engagement du gouvernement de travailler \u00e0 la r\u00e9alisation d&rsquo;une \u00e9conomie sobre en carbone et intelligente face au climat au Canada.<\/p>\n<p>Nous accueillons favorablement ces signaux tr\u00e8s positifs du gouvernement f\u00e9d\u00e9ral. La finance durable est \u00e0 leur ordre du jour et ils sont pr\u00eats \u00e0 s\u2019engager avec le secteur priv\u00e9 pour faire face \u00e0 la crise climatique. Avec les risques li\u00e9s au climat qui se profilent, nous sommes encourag\u00e9s par cette opportunit\u00e9 pour les investisseurs responsables de collaborer avec le gouvernement f\u00e9d\u00e9ral pour permettre la transition du Canada vers une \u00e9conomie intelligente face au climat.<\/p>\n","protected":false},"excerpt":{"rendered":"<p>Alors que nous commen\u00e7ons cette d\u00e9cennie, la n\u00e9cessit\u00e9 d\u2019agir pour acc\u00e9l\u00e9rer la transition du Canada vers une \u00e9conomie sobre en carbone est devenue un imp\u00e9ratif. M\u00eame si nous n&rsquo;avions probablement pas besoin de nous rappeler de l&rsquo;urgence de la crise climatique, la semaine derni\u00e8re, l\u2019enqu\u00eate sur la perception des risques mondiaux du Forum \u00e9conomique mondial [&hellip;]<\/p>\n","protected":false},"author":7472,"featured_media":39781,"comment_status":"open","ping_status":"open","sticky":false,"template":"","format":"standard","meta":{"footnotes":""},"acf":[],"yoast_head":"<!-- This site is optimized with the Yoast SEO plugin v21.0 - https:\/\/yoast.com\/wordpress\/plugins\/seo\/ -->\n<title>Le gouvernement f\u00e9d\u00e9ral confirme qu\u2019il examine les recommandations du Groupe d\u2019experts du Canada sur la finance durable - Responsible Investment Association<\/title>\n<meta name=\"robots\" content=\"index, follow, max-snippet:-1, max-image-preview:large, max-video-preview:-1\" \/>\n<link rel=\"canonical\" href=\"https:\/\/www.riacanada.ca\/fr\/magazine\/le-gouvernement-federal-confirme-quil-examine-les-recommandations-du-groupe-dexperts-du-canada-sur-la-finance-durable\/\" \/>\n<meta property=\"og:locale\" content=\"fr_FR\" \/>\n<meta property=\"og:type\" content=\"article\" \/>\n<meta property=\"og:title\" content=\"Le gouvernement f\u00e9d\u00e9ral confirme qu\u2019il examine les recommandations du Groupe d\u2019experts du Canada sur la finance durable - Responsible Investment Association\" \/>\n<meta property=\"og:description\" content=\"Alors que nous commen\u00e7ons cette d\u00e9cennie, la n\u00e9cessit\u00e9 d\u2019agir pour acc\u00e9l\u00e9rer la transition du Canada vers une \u00e9conomie sobre en carbone est devenue un imp\u00e9ratif. M\u00eame si nous n&rsquo;avions probablement pas besoin de nous rappeler de l&rsquo;urgence de la crise climatique, la semaine derni\u00e8re, l\u2019enqu\u00eate sur la perception des risques mondiaux du Forum \u00e9conomique mondial [&hellip;]\" \/>\n<meta property=\"og:url\" content=\"https:\/\/www.riacanada.ca\/fr\/magazine\/le-gouvernement-federal-confirme-quil-examine-les-recommandations-du-groupe-dexperts-du-canada-sur-la-finance-durable\/\" \/>\n<meta property=\"og:site_name\" content=\"Responsible Investment Association\" \/>\n<meta property=\"article:published_time\" content=\"2020-01-21T15:50:57+00:00\" \/>\n<meta property=\"article:modified_time\" content=\"2020-03-02T03:29:30+00:00\" \/>\n<meta property=\"og:image\" content=\"https:\/\/www.riacanada.ca\/content\/uploads\/2020\/01\/canada-flag-with-mountain-range-view-756790-2-1000x598.png\" \/>\n\t<meta property=\"og:image:width\" content=\"1000\" \/>\n\t<meta property=\"og:image:height\" content=\"598\" \/>\n\t<meta property=\"og:image:type\" content=\"image\/png\" \/>\n<meta name=\"author\" content=\"Editor\" \/>\n<meta name=\"twitter:card\" content=\"summary_large_image\" \/>\n<meta name=\"twitter:label1\" content=\"\u00c9crit par\" \/>\n\t<meta name=\"twitter:data1\" content=\"Editor\" \/>\n\t<meta name=\"twitter:label2\" content=\"Dur\u00e9e de lecture estim\u00e9e\" \/>\n\t<meta name=\"twitter:data2\" content=\"3 minutes\" \/>\n<script type=\"application\/ld+json\" class=\"yoast-schema-graph\">{\"@context\":\"https:\/\/schema.org\",\"@graph\":[{\"@type\":\"WebPage\",\"@id\":\"https:\/\/www.riacanada.ca\/fr\/magazine\/le-gouvernement-federal-confirme-quil-examine-les-recommandations-du-groupe-dexperts-du-canada-sur-la-finance-durable\/\",\"url\":\"https:\/\/www.riacanada.ca\/fr\/magazine\/le-gouvernement-federal-confirme-quil-examine-les-recommandations-du-groupe-dexperts-du-canada-sur-la-finance-durable\/\",\"name\":\"Le gouvernement f\u00e9d\u00e9ral confirme qu\u2019il examine les recommandations du Groupe d\u2019experts du Canada sur la finance durable - Responsible Investment Association\",\"isPartOf\":{\"@id\":\"https:\/\/www.riacanada.ca\/fr\/#website\"},\"datePublished\":\"2020-01-21T15:50:57+00:00\",\"dateModified\":\"2020-03-02T03:29:30+00:00\",\"author\":{\"@id\":\"https:\/\/www.riacanada.ca\/fr\/#\/schema\/person\/f2be4012fcff4c43224b4fb6b60e81d4\"},\"breadcrumb\":{\"@id\":\"https:\/\/www.riacanada.ca\/fr\/magazine\/le-gouvernement-federal-confirme-quil-examine-les-recommandations-du-groupe-dexperts-du-canada-sur-la-finance-durable\/#breadcrumb\"},\"inLanguage\":\"fr-FR\",\"potentialAction\":[{\"@type\":\"ReadAction\",\"target\":[\"https:\/\/www.riacanada.ca\/fr\/magazine\/le-gouvernement-federal-confirme-quil-examine-les-recommandations-du-groupe-dexperts-du-canada-sur-la-finance-durable\/\"]}]},{\"@type\":\"BreadcrumbList\",\"@id\":\"https:\/\/www.riacanada.ca\/fr\/magazine\/le-gouvernement-federal-confirme-quil-examine-les-recommandations-du-groupe-dexperts-du-canada-sur-la-finance-durable\/#breadcrumb\",\"itemListElement\":[{\"@type\":\"ListItem\",\"position\":1,\"name\":\"Home\",\"item\":\"https:\/\/www.riacanada.ca\/fr\/\"},{\"@type\":\"ListItem\",\"position\":2,\"name\":\"Le gouvernement f\u00e9d\u00e9ral confirme qu\u2019il examine les recommandations du Groupe d\u2019experts du Canada sur la finance durable\"}]},{\"@type\":\"WebSite\",\"@id\":\"https:\/\/www.riacanada.ca\/fr\/#website\",\"url\":\"https:\/\/www.riacanada.ca\/fr\/\",\"name\":\"Responsible Investment Association\",\"description\":\"Canada&#039;s membership network for responsible investment\",\"potentialAction\":[{\"@type\":\"SearchAction\",\"target\":{\"@type\":\"EntryPoint\",\"urlTemplate\":\"https:\/\/www.riacanada.ca\/fr\/?s={search_term_string}\"},\"query-input\":\"required name=search_term_string\"}],\"inLanguage\":\"fr-FR\"},{\"@type\":\"Person\",\"@id\":\"https:\/\/www.riacanada.ca\/fr\/#\/schema\/person\/f2be4012fcff4c43224b4fb6b60e81d4\",\"name\":\"Editor\",\"image\":{\"@type\":\"ImageObject\",\"inLanguage\":\"fr-FR\",\"@id\":\"https:\/\/www.riacanada.ca\/fr\/#\/schema\/person\/image\/\",\"url\":\"https:\/\/secure.gravatar.com\/avatar\/3bf09c69911f589161408f2ea70f5b5e?s=96&d=mm&r=g\",\"contentUrl\":\"https:\/\/secure.gravatar.com\/avatar\/3bf09c69911f589161408f2ea70f5b5e?s=96&d=mm&r=g\",\"caption\":\"Editor\"},\"url\":\"https:\/\/www.riacanada.ca\/fr\/magazine\/author\/ria-editor\/\"}]}<\/script>\n<!-- \/ Yoast SEO plugin. -->","yoast_head_json":{"title":"Le gouvernement f\u00e9d\u00e9ral confirme qu\u2019il examine les recommandations du Groupe d\u2019experts du Canada sur la finance durable - Responsible Investment Association","robots":{"index":"index","follow":"follow","max-snippet":"max-snippet:-1","max-image-preview":"max-image-preview:large","max-video-preview":"max-video-preview:-1"},"canonical":"https:\/\/www.riacanada.ca\/fr\/magazine\/le-gouvernement-federal-confirme-quil-examine-les-recommandations-du-groupe-dexperts-du-canada-sur-la-finance-durable\/","og_locale":"fr_FR","og_type":"article","og_title":"Le gouvernement f\u00e9d\u00e9ral confirme qu\u2019il examine les recommandations du Groupe d\u2019experts du Canada sur la finance durable - Responsible Investment Association","og_description":"Alors que nous commen\u00e7ons cette d\u00e9cennie, la n\u00e9cessit\u00e9 d\u2019agir pour acc\u00e9l\u00e9rer la transition du Canada vers une \u00e9conomie sobre en carbone est devenue un imp\u00e9ratif. M\u00eame si nous n&rsquo;avions probablement pas besoin de nous rappeler de l&rsquo;urgence de la crise climatique, la semaine derni\u00e8re, l\u2019enqu\u00eate sur la perception des risques mondiaux du Forum \u00e9conomique mondial [&hellip;]","og_url":"https:\/\/www.riacanada.ca\/fr\/magazine\/le-gouvernement-federal-confirme-quil-examine-les-recommandations-du-groupe-dexperts-du-canada-sur-la-finance-durable\/","og_site_name":"Responsible Investment Association","article_published_time":"2020-01-21T15:50:57+00:00","article_modified_time":"2020-03-02T03:29:30+00:00","og_image":[{"width":1000,"height":598,"url":"https:\/\/www.riacanada.ca\/content\/uploads\/2020\/01\/canada-flag-with-mountain-range-view-756790-2-1000x598.png","type":"image\/png"}],"author":"Editor","twitter_card":"summary_large_image","twitter_misc":{"\u00c9crit par":"Editor","Dur\u00e9e de lecture estim\u00e9e":"3 minutes"},"schema":{"@context":"https:\/\/schema.org","@graph":[{"@type":"WebPage","@id":"https:\/\/www.riacanada.ca\/fr\/magazine\/le-gouvernement-federal-confirme-quil-examine-les-recommandations-du-groupe-dexperts-du-canada-sur-la-finance-durable\/","url":"https:\/\/www.riacanada.ca\/fr\/magazine\/le-gouvernement-federal-confirme-quil-examine-les-recommandations-du-groupe-dexperts-du-canada-sur-la-finance-durable\/","name":"Le gouvernement f\u00e9d\u00e9ral confirme qu\u2019il examine les recommandations du Groupe d\u2019experts du Canada sur la finance durable - Responsible Investment Association","isPartOf":{"@id":"https:\/\/www.riacanada.ca\/fr\/#website"},"datePublished":"2020-01-21T15:50:57+00:00","dateModified":"2020-03-02T03:29:30+00:00","author":{"@id":"https:\/\/www.riacanada.ca\/fr\/#\/schema\/person\/f2be4012fcff4c43224b4fb6b60e81d4"},"breadcrumb":{"@id":"https:\/\/www.riacanada.ca\/fr\/magazine\/le-gouvernement-federal-confirme-quil-examine-les-recommandations-du-groupe-dexperts-du-canada-sur-la-finance-durable\/#breadcrumb"},"inLanguage":"fr-FR","potentialAction":[{"@type":"ReadAction","target":["https:\/\/www.riacanada.ca\/fr\/magazine\/le-gouvernement-federal-confirme-quil-examine-les-recommandations-du-groupe-dexperts-du-canada-sur-la-finance-durable\/"]}]},{"@type":"BreadcrumbList","@id":"https:\/\/www.riacanada.ca\/fr\/magazine\/le-gouvernement-federal-confirme-quil-examine-les-recommandations-du-groupe-dexperts-du-canada-sur-la-finance-durable\/#breadcrumb","itemListElement":[{"@type":"ListItem","position":1,"name":"Home","item":"https:\/\/www.riacanada.ca\/fr\/"},{"@type":"ListItem","position":2,"name":"Le gouvernement f\u00e9d\u00e9ral confirme qu\u2019il examine les recommandations du Groupe d\u2019experts du Canada sur la finance durable"}]},{"@type":"WebSite","@id":"https:\/\/www.riacanada.ca\/fr\/#website","url":"https:\/\/www.riacanada.ca\/fr\/","name":"Responsible Investment Association","description":"Canada&#039;s membership network for responsible investment","potentialAction":[{"@type":"SearchAction","target":{"@type":"EntryPoint","urlTemplate":"https:\/\/www.riacanada.ca\/fr\/?s={search_term_string}"},"query-input":"required name=search_term_string"}],"inLanguage":"fr-FR"},{"@type":"Person","@id":"https:\/\/www.riacanada.ca\/fr\/#\/schema\/person\/f2be4012fcff4c43224b4fb6b60e81d4","name":"Editor","image":{"@type":"ImageObject","inLanguage":"fr-FR","@id":"https:\/\/www.riacanada.ca\/fr\/#\/schema\/person\/image\/","url":"https:\/\/secure.gravatar.com\/avatar\/3bf09c69911f589161408f2ea70f5b5e?s=96&d=mm&r=g","contentUrl":"https:\/\/secure.gravatar.com\/avatar\/3bf09c69911f589161408f2ea70f5b5e?s=96&d=mm&r=g","caption":"Editor"},"url":"https:\/\/www.riacanada.ca\/fr\/magazine\/author\/ria-editor\/"}]}},"_links":{"self":[{"href":"https:\/\/www.riacanada.ca\/fr\/wp-json\/wp\/v2\/posts\/39714"}],"collection":[{"href":"https:\/\/www.riacanada.ca\/fr\/wp-json\/wp\/v2\/posts"}],"about":[{"href":"https:\/\/www.riacanada.ca\/fr\/wp-json\/wp\/v2\/types\/post"}],"author":[{"embeddable":true,"href":"https:\/\/www.riacanada.ca\/fr\/wp-json\/wp\/v2\/users\/7472"}],"replies":[{"embeddable":true,"href":"https:\/\/www.riacanada.ca\/fr\/wp-json\/wp\/v2\/comments?post=39714"}],"version-history":[{"count":6,"href":"https:\/\/www.riacanada.ca\/fr\/wp-json\/wp\/v2\/posts\/39714\/revisions"}],"predecessor-version":[{"id":40805,"href":"https:\/\/www.riacanada.ca\/fr\/wp-json\/wp\/v2\/posts\/39714\/revisions\/40805"}],"wp:featuredmedia":[{"embeddable":true,"href":"https:\/\/www.riacanada.ca\/fr\/wp-json\/wp\/v2\/media\/39781"}],"wp:attachment":[{"href":"https:\/\/www.riacanada.ca\/fr\/wp-json\/wp\/v2\/media?parent=39714"}],"curies":[{"name":"wp","href":"https:\/\/api.w.org\/{rel}","templated":true}]}}